{"id":90,"date":"2026-03-05T10:21:42","date_gmt":"2026-03-05T10:21:42","guid":{"rendered":"https:\/\/lepetitbonheur-tonneins.fr\/?p=90"},"modified":"2026-03-05T12:04:22","modified_gmt":"2026-03-05T12:04:22","slug":"programme-de-mars","status":"publish","type":"post","link":"http:\/\/lepetitbonheur-tonneins.fr\/index.php\/2026\/03\/05\/programme-de-mars\/","title":{"rendered":"Programme de Mars"},"content":{"rendered":"<table role=\"presentation\" border=\"0\" width=\"100%\" cellspacing=\"0\" cellpadding=\"0\">\n<tbody>\n<tr>\n<td class=\"r9-c\" align=\"left\">\n<table class=\"r0-o\" role=\"presentation\" border=\"0\" width=\"91%\" cellspacing=\"0\" cellpadding=\"0\">\n<tbody>\n<tr>\n<td class=\"r10-i nl2go-default-textstyle\" align=\"left\" valign=\"top\">\n<div>\n<p><strong>Le programme de mars. C&rsquo;est un mois bien particulier car voil\u00e0 10 ans que le Petit Bonheur est ouvert. Ci dessous des annonces en rapport avec cet anniversaire. Le dimanche 15 mars, vous \u00eates tous invit\u00e9s! Et un spectacle le 29 mars, o\u00f9 vous \u00eates aussi invit\u00e9s!<\/strong><\/p>\n<p><strong><u>Rappel: Le bar est ferm\u00e9 le mercredi,<\/u>\u00a0pourtant tous les mercredis de 17h \u00e0 19h c&rsquo;est<\/strong><strong>\u00a0<\/strong><strong><u>L&rsquo;ESCALE<\/u><\/strong><strong><u>\u00a0<\/u><\/strong><strong>au Petit Bonheur: une plage de ressourcement.\u00a0<\/strong><strong><u>Vous pouvez y passer quand vous voulez et y rester le temps que vous souhaitez.\u00a0<\/u><\/strong><\/p>\n<p>&nbsp;<\/p>\n<\/div>\n<\/td>\n<\/tr>\n<\/tbody>\n<\/table>\n<\/td>\n<\/tr>\n<tr>\n<td class=\"r11-c\" align=\"center\"><img decoding=\"async\" src=\"https:\/\/img-cache.net\/im\/4210470\/2bfce8fe4ff761a30c595f99abf676136c0d2dd87f0f11e676786e832fc62d9e.png?e=M9JZ9FCYDLeXahtNY9Nul7mkyJk2xY9nIeGlDp0K_6SJGDtk1DMTjmORLtQMjRirehQU_ZyFfCz53kVnQroBVLKsbbMxckp-HwJEQdS5SsGyqQ7M49K058rJvOKnAeCa74CWay6Wu1C4p385yw4Y7_7V2G83EkQLWDVd-G7hZxK_QqNYkOGJlfdhvGvupAkAoCpQZQCkIfq6dRGWI1GduunM74J07J0JWX2uVA8rJQf5EwY\" width=\"\" border=\"0\" \/><\/td>\n<\/tr>\n<tr>\n<td class=\"r1-c\" align=\"center\">\n<table class=\"r2-o\" role=\"presentation\" border=\"0\" width=\"57%\" cellspacing=\"0\" cellpadding=\"0\">\n<tbody>\n<tr>\n<td class=\"r12-i\"><img decoding=\"async\" src=\"https:\/\/img-cache.net\/im\/4210470\/89d96ae6329cb5b142e1997ee0beadc7f382cc998fc1a318d00896a0b90b267d.png?e=fhsNO8XlGy5Cx1la0IkyW4ostBBUllL9Y1Yp8C9TH-5vJwxc01tw-RA7ixx_aSuyPN69oQPEBKiBXMym0sQrGb-KtwgXopfbFbJVF12hSYJIwCrpdKS2bHbqfkCzblM5JJq7l70RFgJKUTKB0AqkHgzoArutbgARBmQTGO-CjncmNh1ll33-uF5GZju2dX1-CEKG_bVrhhTagJsQxkkywmvw-ziMwee1SFXvDpz-dRgi4Us\" width=\"\" border=\"0\" \/><\/td>\n<\/tr>\n<\/tbody>\n<\/table>\n<\/td>\n<\/tr>\n<tr>\n<td class=\"r13-c nl2go-default-textstyle\" align=\"left\">\n<div>\n<p><strong>Ci dessous l&rsquo;affiche du spectacle Marie de Nazareth.\u00a0<\/strong><\/p>\n<p class=\"default\"><strong>A l&rsquo;occasion des 10 ans du Petit Bonheur, nous proposons ce spectacle \u00e0 Tonneins, en libre participation. Ce sera\u00a0dimanche 29 mars \u00e0 17h au Centre Culturel,\u00a0suivi d&rsquo;un moment convivial autour d&rsquo;un petit buffet ap\u00e9ritif.<\/strong><\/p>\n<p class=\"default\"><strong><strong id=\"isPasted\">C&rsquo;est un spectacle po\u00e9tique o\u00f9 on voit la vie de J\u00e9sus \u00e0 travers le regard de Marie, directement inspir\u00e9 du texte des Evangiles. Convient autant aux sensibilit\u00e9s protestantes que catholiques. Une violoncelliste accompagne la com\u00e9dienne, Marion Combes, que plusieurs d&rsquo;entre vous connaissent.<\/strong><\/strong><\/p>\n<\/div>\n<\/td>\n<\/tr>\n<tr>\n<td class=\"r1-c\" align=\"center\">\n<table class=\"r2-o\" role=\"presentation\" border=\"0\" width=\"72%\" cellspacing=\"0\" cellpadding=\"0\">\n<tbody>\n<tr>\n<td class=\"r12-i\"><img decoding=\"async\" src=\"https:\/\/img-cache.net\/im\/4210470\/0c6264e9bbf95265010d2b0b4ea800b43f80e54381374a8ae8fcb01ffedbb764.png?e=C2Xr5UikmccLjuVV9i9dUNzQiqxSFsjSHIA5w-kDX7HKyrtAoiw1CztXov4NyE7JtSh9g3UP7zNdhaN0YtIbeG_s_2Ms3Rt0fLetop7EmjNUdZIqKr2i10siVzJ6qKMgjXjPctTW1uzXIox7wlVguzkK7jQnqK3lCS7IMTuyzYw4NdoTPsamVVgAVxB6b9MPCvdsWXtOUdz80H4NsuCe5_aWoTN6q0JVYSk4Z79lnV-h5z4\" width=\"\" border=\"0\" \/><\/td>\n<\/tr>\n<\/tbody>\n<\/table>\n<\/td>\n<\/tr>\n<tr>\n<td class=\"r13-c nl2go-default-textstyle\" align=\"left\">\n<div>\n<p><strong>A part ces moments festifs, notez en particulier:<\/strong><\/p>\n<ul>\n<li><strong>Vendredi 13 mars<\/strong><\/li>\n<\/ul>\n<p><strong>D\u00e8s 14h30\u00a0<\/strong><strong>L<\/strong><strong>&lsquo;<u>Atelier Floral<\/u><\/strong><strong>\u00a0avec\u00a0<\/strong><em><strong><u>Nathalie\u00a0<\/u><\/strong><\/em><\/p>\n<p>S&rsquo;inscrire au\u00a0<strong>06 06 44 20 60.\u00a0<\/strong><\/p>\n<p><strong>20\u20ac<\/strong>\u00a0l&rsquo;atelier et vous repartez avec votre cr\u00e9ation.<\/p>\n<p>Attention, ne tardez pas \u00e0 vous inscrire car les places sont limit\u00e9es !<\/p>\n<p>Sera annul\u00e9 si moins de 3 participants<\/p>\n<ul>\n<li><strong>Mardi 10 mars\u00a0<\/strong><span id=\"isPasted\"><strong>\u00e0 14h30<\/strong><\/span><\/li>\n<\/ul>\n<p><strong><u>Atelier cr\u00e9atif du\u00a0<\/u><u><em>GEM la Vie<\/em><\/u><u>:<\/u><\/strong><strong><u>\u00a0<\/u><\/strong><strong><u>Initiation au Macram\u00e9:<\/u><\/strong><strong><u>\u00a0<\/u>moment apaisant anim\u00e9 par Sandrine, et ouvert \u00e0 tous!.<\/strong><\/p>\n<p><strong>Participation libre.<\/strong><\/p>\n<ul>\n<li id=\"isPasted\"><strong>Mardi 17 mars\u00a0<\/strong><strong>\u00e0 15h\u00a0<\/strong><strong>au\u00a0<\/strong><strong>Club Sant\u00e9<\/strong><strong>, il sera question du\u00a0sommeil\u00a0avec le\u00a0<em><u>Dr Claude Breuil<\/u><\/em><\/strong><\/li>\n<\/ul>\n<ul>\n<li><strong>Dimanche 22 mars\u00a0\u00e0 15h<\/strong><\/li>\n<\/ul>\n<p><strong>Le<u>\u00a0bar sera privatis\u00e9<\/u>\u00a0pour l&rsquo;Atelier d&rsquo;Ecriture\u00a0anim\u00e9 par\u00a0<em><u>Dominique et Gabin<\/u>.<\/em><\/strong><\/p>\n<p><strong>Participation 5 \u20ac, boissons offertes.\u00a0<u>S&rsquo;inscrire<\/u>\u00a0au t\u00e9l: 06 75 38 96 49<\/strong><\/p>\n<ul>\n<li><strong>Mardi 24 mars\u00a0\u00e0 15h<\/strong><\/li>\n<\/ul>\n<p><span id=\"isPasted\"><strong><u>Atelier de Lecture<\/u><\/strong><\/span><strong>\u00a0avec\u00a0<\/strong><em><strong><u>Anne-Marie<\/u><\/strong><\/em><strong>: \u00ab\u00a0L&rsquo;atelier des livres qui rendent les gens heureux!\u00a0\u00bb<\/strong><\/p>\n<p><strong>S&rsquo;annoncer par mail\u00a0\u00e0\u00a0<\/strong><a href=\"mailto:annemarie.duperrin@gmail.com\"><strong><u>annemarie.duperrin@gmail.com<\/u><\/strong><\/a><\/p>\n<\/div>\n<\/td>\n<\/tr>\n<tr>\n<td class=\"r13-c nl2go-default-textstyle\" align=\"left\">\n<div>\n<p><strong>Sans oublier nos activit\u00e9s r\u00e9guli\u00e8res hebdomadaires:\u00a0<\/strong><strong>marche, scrabble, tricot; des jeux<\/strong><strong>\u00a0<\/strong><strong>le lundi apr\u00e8s-midi et\u00a0<\/strong><strong>certains dimanches&#8230;<\/strong><\/p>\n<\/div>\n<\/td>\n<\/tr>\n<tr>\n<td class=\"r9-c\" align=\"left\">\n<table class=\"r0-o\" role=\"presentation\" border=\"0\" width=\"96%\" cellspacing=\"0\" cellpadding=\"0\">\n<tbody>\n<tr>\n<td class=\"r14-i nl2go-default-textstyle\" align=\"center\" valign=\"top\">\n<div>\n<p><strong>Des programmes papier sont \u00e0 disposition au bar\u00a0<\/strong><\/p>\n<p>Pensez \u00e0 renouveler votre adh\u00e9sion!<\/p>\n<p><strong><u>Infos associatives pour 2026,<\/u><\/strong><\/p>\n<p>Adh\u00e9sion simple utilisateur:<strong>\u00a010\u20ac\u00a0<\/strong>(pour ateliers, pour marche, jeux, Karaok\u00e9&#8230;)<\/p>\n<p>Adh\u00e9sion sympathisant :<strong>\u00a020\u20ac\u00a0<\/strong>par personne,\u00a0<strong>35\u20ac<\/strong>\u00a0par couple.<\/p>\n<p>Adh\u00e9sion partenaire avec convention:\u00a0<strong>minimum 30\u20ac<\/strong><\/p>\n<p>A d\u00e9poser au bar, ou \u00e0 envoyer par ch\u00e8que au<\/p>\n<p>Petit Bonheur 57 av Foch 47400 TONNEINS<\/p>\n<p>&nbsp;<\/p>\n<p><strong>\u00a0 \u00a0 \u00a0Merci \u00e0 tous ceux qui collaborent d&rsquo;une fa\u00e7on ou d&rsquo;une autre \u00e0 faire vivre ce lieu !<\/strong><\/p>\n<p><strong>\u00ad\u00a0<\/strong><br \/>\n<strong>Suivez-nous sur FB: <a href=\"https:\/\/www.facebook.com\/lepetitbonheur47\/?locale=fr_FR\">le petit bonheur 47<\/a><\/strong><\/p>\n<p><strong>Renseignements au 06 70 10 80 73<\/strong><\/p>\n<\/div>\n<\/td>\n<\/tr>\n<\/tbody>\n<\/table>\n<\/td>\n<\/tr>\n<\/tbody>\n<\/table>\n","protected":false},"excerpt":{"rendered":"<p>Le programme de mars. C&rsquo;est un mois bien particulier car voil\u00e0 10 ans que le Petit Bonheur est ouvert. Ci dessous des annonces en rapport avec cet anniversaire. Le dimanche 15 mars, vous \u00eates tous invit\u00e9s! Et un spectacle le 29 mars, o\u00f9 vous \u00eates aussi invit\u00e9s! Rappel: Le bar est ferm\u00e9 le mercredi,\u00a0pourtant tous [&hellip;]<\/p>\n","protected":false},"author":1,"featured_media":0,"comment_status":"open","ping_status":"open","sticky":false,"template":"elementor_theme","format":"standard","meta":{"footnotes":""},"categories":[3],"tags":[],"class_list":["post-90","post","type-post","status-publish","format-standard","hentry","category-programme"],"_links":{"self":[{"href":"http:\/\/lepetitbonheur-tonneins.fr\/index.php\/wp-json\/wp\/v2\/posts\/90","targetHints":{"allow":["GET"]}}],"collection":[{"href":"http:\/\/lepetitbonheur-tonneins.fr\/index.php\/wp-json\/wp\/v2\/posts"}],"about":[{"href":"http:\/\/lepetitbonheur-tonneins.fr\/index.php\/wp-json\/wp\/v2\/types\/post"}],"author":[{"embeddable":true,"href":"http:\/\/lepetitbonheur-tonneins.fr\/index.php\/wp-json\/wp\/v2\/users\/1"}],"replies":[{"embeddable":true,"href":"http:\/\/lepetitbonheur-tonneins.fr\/index.php\/wp-json\/wp\/v2\/comments?post=90"}],"version-history":[{"count":2,"href":"http:\/\/lepetitbonheur-tonneins.fr\/index.php\/wp-json\/wp\/v2\/posts\/90\/revisions"}],"predecessor-version":[{"id":111,"href":"http:\/\/lepetitbonheur-tonneins.fr\/index.php\/wp-json\/wp\/v2\/posts\/90\/revisions\/111"}],"wp:attachment":[{"href":"http:\/\/lepetitbonheur-tonneins.fr\/index.php\/wp-json\/wp\/v2\/media?parent=90"}],"wp:term":[{"taxonomy":"category","embeddable":true,"href":"http:\/\/lepetitbonheur-tonneins.fr\/index.php\/wp-json\/wp\/v2\/categories?post=90"},{"taxonomy":"post_tag","embeddable":true,"href":"http:\/\/lepetitbonheur-tonneins.fr\/index.php\/wp-json\/wp\/v2\/tags?post=90"}],"curies":[{"name":"wp","href":"https:\/\/api.w.org\/{rel}","templated":true}]}}